{"id":7402,"date":"2019-12-03T16:15:49","date_gmt":"2019-12-03T15:15:49","guid":{"rendered":"https:\/\/levaldelaisne.be\/nl\/?p=7402"},"modified":"2024-01-10T10:35:16","modified_gmt":"2024-01-10T09:35:16","slug":"jullie-mooiste-fotos-natuur-ardennen","status":"publish","type":"post","link":"https:\/\/levaldelaisne.be\/nl\/jullie-mooiste-fotos-natuur-ardennen\/","title":{"rendered":"Jullie mooiste foto&#8217;s van de natuur in de Ardennen"},"content":{"rendered":"<p>[et_pb_section fb_built=&#8221;1&#8243; custom_padding_last_edited=&#8221;on|phone&#8221; admin_label=&#8221;Section&#8221; _builder_version=&#8221;4.16&#8243; background_color=&#8221;rgba(255,255,255,0)&#8221; custom_padding=&#8221;0px||0px||false|false&#8221; custom_padding_tablet=&#8221;||0px|&#8221; custom_padding_phone=&#8221;&#8221; transparent_background=&#8221;on&#8221; make_fullwidth=&#8221;off&#8221; use_custom_width=&#8221;off&#8221; width_unit=&#8221;on&#8221; global_colors_info=&#8221;{}&#8221;][et_pb_row padding_mobile=&#8221;on&#8221; column_padding_mobile=&#8221;on&#8221; admin_label=&#8221;Ligne&#8221; module_class=&#8221;bordershadow&#8221; _builder_version=&#8221;4.16&#8243; background_color=&#8221;#ffffff&#8221; background_size=&#8221;initial&#8221; background_position=&#8221;top_left&#8221; background_repeat=&#8221;repeat&#8221; custom_padding=&#8221;||0px|&#8221; make_fullwidth=&#8221;off&#8221; use_custom_width=&#8221;off&#8221; width_unit=&#8221;on&#8221; global_colors_info=&#8221;{}&#8221;][et_pb_column type=&#8221;4_4&#8243; _builder_version=&#8221;4.16&#8243; custom_padding=&#8221;|||&#8221; global_colors_info=&#8221;{}&#8221; custom_padding__hover=&#8221;|||&#8221;][et_pb_post_title author=&#8221;off&#8221; date_format=&#8221;j F Y&#8221; comments=&#8221;off&#8221; admin_label=&#8221;Titre du poste&#8221; _builder_version=&#8221;4.16&#8243; title_all_caps=&#8221;off&#8221; background_color=&#8221;rgba(255,255,255,0)&#8221; text_orientation=&#8221;center&#8221; parallax_effect=&#8221;off&#8221; module_bg_color=&#8221;rgba(255,255,255,0)&#8221; use_border_color=&#8221;off&#8221; border_color=&#8221;#ffffff&#8221; border_style=&#8221;solid&#8221; global_colors_info=&#8221;{}&#8221;][\/et_pb_post_title][\/et_pb_column][\/et_pb_row][\/et_pb_section][et_pb_section fb_built=&#8221;1&#8243; custom_padding_last_edited=&#8221;off|phone&#8221; admin_label=&#8221;Section&#8221; module_class=&#8221;.bordershadow&#8221; _builder_version=&#8221;4.16&#8243; background_color=&#8221;rgba(255,255,255,0)&#8221; custom_padding=&#8221;0px|||&#8221; custom_padding_tablet=&#8221;0px|||&#8221; transparent_background=&#8221;on&#8221; padding_mobile=&#8221;on&#8221; make_fullwidth=&#8221;off&#8221; use_custom_width=&#8221;off&#8221; width_unit=&#8221;on&#8221; global_colors_info=&#8221;{}&#8221;][et_pb_row padding_mobile=&#8221;on&#8221; column_padding_mobile=&#8221;on&#8221; custom_padding_last_edited=&#8221;on|phone&#8221; admin_label=&#8221;Ligne&#8221; module_class=&#8221;bordershadow&#8221; _builder_version=&#8221;4.16&#8243; background_color=&#8221;#ffffff&#8221; background_size=&#8221;initial&#8221; background_position=&#8221;top_left&#8221; background_repeat=&#8221;repeat&#8221; custom_padding=&#8221;5%|5%|5%|5%&#8221; custom_padding_tablet=&#8221;&#8221; custom_padding_phone=&#8221;&#8221; make_fullwidth=&#8221;off&#8221; use_custom_width=&#8221;off&#8221; width_unit=&#8221;on&#8221; global_colors_info=&#8221;{}&#8221;][et_pb_column type=&#8221;4_4&#8243; _builder_version=&#8221;4.16&#8243; custom_padding=&#8221;|||&#8221; global_colors_info=&#8221;{}&#8221; custom_padding__hover=&#8221;|||&#8221;][et_pb_text admin_label=&#8221;Texte&#8221; _builder_version=&#8221;4.16&#8243; background_size=&#8221;initial&#8221; background_position=&#8221;top_left&#8221; background_repeat=&#8221;repeat&#8221; use_border_color=&#8221;off&#8221; border_color=&#8221;#ffffff&#8221; border_style=&#8221;solid&#8221; global_colors_info=&#8221;{}&#8221;]Ziehier de resultaten van de fotowedstrijd van de camping. Wat dit jaar buitengewoon was, is dat bijna alle ingestuurde foto&#8217;s binnen het thema 2020 gekozen door le commisariat g\u00e9n\u00e9ral au tourisme (CGT) en Walloni\u00eb Belgi\u00eb toerisme lagen nl Wallonni\u00eb natuur.<\/p>\n<p>De meeste van jullie foto&#8217;s zetten \u00e9\u00e9n van de belangrijkste troeven van onze camping in de schrijnwerpers : de pracht van de natuur in de Ardennen. Rivieren, bossen, landelijke zichten, fauna en flora, toeristische attracties in het midden van de natuur,&#8230;zonder twijfel zijn jullie allemaal liefhebbers al dat groen !<\/p>\n<p>Onze jury bestond naar traditie uit Andr\u00e9 Stelen en Gerard Bissot, twee getalenteerde fotografen. Waarvoor een grote dank !<\/p>\n<p>&nbsp;<br \/>\n[\/et_pb_text][\/et_pb_column][\/et_pb_row][et_pb_row _builder_version=&#8221;4.16&#8243; global_colors_info=&#8221;{}&#8221;][et_pb_column type=&#8221;4_4&#8243; _builder_version=&#8221;4.16&#8243; global_colors_info=&#8221;{}&#8221;][et_pb_text _builder_version=&#8221;4.16&#8243; header_2_text_align=&#8221;center&#8221; text_orientation=&#8221;center&#8221; global_colors_info=&#8221;{}&#8221;]<\/p>\n<h2>Onze 5 laureaten<\/h2>\n<p>U zal heel snel per mail gecontacteerd worden. Bedankt aan alle deelnemers !<br \/>\n[\/et_pb_text][\/et_pb_column][\/et_pb_row][et_pb_row _builder_version=&#8221;4.16&#8243; global_colors_info=&#8221;{}&#8221;][et_pb_column type=&#8221;4_4&#8243; _builder_version=&#8221;4.16&#8243; global_colors_info=&#8221;{}&#8221;][et_pb_text _builder_version=&#8221;4.16&#8243; text_font=&#8221;PT Serif|700|on||||||&#8221; text_text_color=&#8221;#ffffff&#8221; text_font_size=&#8221;34px&#8221; background_color=&#8221;#ffc600&#8243; transform_scale_tablet=&#8221;&#8221; transform_scale_phone=&#8221;&#8221; transform_scale_last_edited=&#8221;on|desktop&#8221; transform_translate=&#8221;-396px|60px&#8221; transform_translate_tablet=&#8221;0px|74px&#8221; transform_translate_phone=&#8221;0px|76px&#8221; transform_translate_last_edited=&#8221;on|phone&#8221; transform_translate_linked=&#8221;off&#8221; transform_rotate_tablet=&#8221;&#8221; transform_rotate_phone=&#8221;&#8221; transform_rotate_last_edited=&#8221;on|phone&#8221; transform_skew_tablet=&#8221;&#8221; transform_skew_phone=&#8221;&#8221; transform_skew_last_edited=&#8221;on|phone&#8221; transform_origin_tablet=&#8221;&#8221; transform_origin_phone=&#8221;&#8221; transform_origin_last_edited=&#8221;on|phone&#8221; transform_styles_last_edited=&#8221;on|phone&#8221; z_index=&#8221;1&#8243; text_orientation=&#8221;center&#8221; width=&#8221;11%&#8221; width_tablet=&#8221;15%&#8221; width_phone=&#8221;25%&#8221; width_last_edited=&#8221;on|desktop&#8221; module_alignment=&#8221;center&#8221; custom_padding=&#8221;28px||28px||true|false&#8221; custom_padding_tablet=&#8221;40px||40px||true|false&#8221; custom_padding_phone=&#8221;&#8221; custom_padding_last_edited=&#8221;on|phone&#8221; transform_styles_tablet=&#8221;&#8221; transform_styles_phone=&#8221;&#8221; border_radii=&#8221;on|50px|50px|50px|50px&#8221; box_shadow_style=&#8221;preset1&#8243; global_colors_info=&#8221;{}&#8221;]1ste<br \/>\n[\/et_pb_text][et_pb_image src=&#8221;https:\/\/levaldelaisne.be\/nl\/wp-content\/uploads\/sites\/2\/2019\/12\/natuurwandeling-wallonie.jpg&#8221; alt=&#8221;Natuurwandeling Walloni\u00eb&#8221; show_in_lightbox=&#8221;on&#8221; _builder_version=&#8221;4.16&#8243; box_shadow_style=&#8221;preset1&#8243; global_colors_info=&#8221;{}&#8221;][\/et_pb_image][\/et_pb_column][\/et_pb_row][et_pb_row column_structure=&#8221;1_2,1_2&#8243; _builder_version=&#8221;4.16&#8243; global_colors_info=&#8221;{}&#8221;][et_pb_column type=&#8221;1_2&#8243; _builder_version=&#8221;4.16&#8243; global_colors_info=&#8221;{}&#8221;][et_pb_text _builder_version=&#8221;4.16&#8243; text_font=&#8221;PT Serif|700|on||||||&#8221; text_text_color=&#8221;#ffffff&#8221; text_font_size=&#8221;34px&#8221; background_color=&#8221;#ffc600&#8243; transform_scale_tablet=&#8221;&#8221; transform_scale_phone=&#8221;&#8221; transform_scale_last_edited=&#8221;on|desktop&#8221; transform_translate=&#8221;-184px|60px&#8221; transform_translate_tablet=&#8221;0px|74px&#8221; transform_translate_phone=&#8221;0px|76px&#8221; transform_translate_last_edited=&#8221;on|phone&#8221; transform_translate_linked=&#8221;off&#8221; transform_rotate_tablet=&#8221;&#8221; transform_rotate_phone=&#8221;&#8221; transform_rotate_last_edited=&#8221;on|phone&#8221; transform_skew_tablet=&#8221;&#8221; transform_skew_phone=&#8221;&#8221; transform_skew_last_edited=&#8221;on|phone&#8221; transform_origin_tablet=&#8221;&#8221; transform_origin_phone=&#8221;&#8221; transform_origin_last_edited=&#8221;on|phone&#8221; transform_styles_last_edited=&#8221;on|phone&#8221; z_index=&#8221;1&#8243; text_orientation=&#8221;center&#8221; width=&#8221;20%&#8221; width_tablet=&#8221;15%&#8221; width_phone=&#8221;25%&#8221; width_last_edited=&#8221;on|desktop&#8221; module_alignment=&#8221;center&#8221; custom_padding=&#8221;28px||28px||true|false&#8221; custom_padding_tablet=&#8221;40px||40px||true|false&#8221; custom_padding_phone=&#8221;&#8221; custom_padding_last_edited=&#8221;on|phone&#8221; transform_styles_tablet=&#8221;&#8221; transform_styles_phone=&#8221;&#8221; border_radii=&#8221;on|50px|50px|50px|50px&#8221; box_shadow_style=&#8221;preset1&#8243; global_colors_info=&#8221;{}&#8221;]2de<br \/>\n[\/et_pb_text][et_pb_image src=&#8221;https:\/\/levaldelaisne.be\/nl\/wp-content\/uploads\/sites\/2\/2019\/12\/afvaart-kayak-ardennen.jpg&#8221; alt=&#8221;Afvaart kayak Ardennen&#8221; show_in_lightbox=&#8221;on&#8221; _builder_version=&#8221;4.16&#8243; box_shadow_style=&#8221;preset1&#8243; global_colors_info=&#8221;{}&#8221;][\/et_pb_image][\/et_pb_column][et_pb_column type=&#8221;1_2&#8243; _builder_version=&#8221;4.16&#8243; global_colors_info=&#8221;{}&#8221;][et_pb_text _builder_version=&#8221;4.16&#8243; text_font=&#8221;PT Serif|700|on||||||&#8221; text_text_color=&#8221;#ffffff&#8221; text_font_size=&#8221;34px&#8221; background_color=&#8221;#ffc600&#8243; transform_scale_tablet=&#8221;&#8221; transform_scale_phone=&#8221;&#8221; transform_scale_last_edited=&#8221;on|desktop&#8221; transform_translate=&#8221;-184px|60px&#8221; transform_translate_tablet=&#8221;0px|74px&#8221; transform_translate_phone=&#8221;0px|76px&#8221; transform_translate_last_edited=&#8221;on|phone&#8221; transform_translate_linked=&#8221;off&#8221; transform_rotate_tablet=&#8221;&#8221; transform_rotate_phone=&#8221;&#8221; transform_rotate_last_edited=&#8221;on|phone&#8221; transform_skew_tablet=&#8221;&#8221; transform_skew_phone=&#8221;&#8221; transform_skew_last_edited=&#8221;on|phone&#8221; transform_origin_tablet=&#8221;&#8221; transform_origin_phone=&#8221;&#8221; transform_origin_last_edited=&#8221;on|phone&#8221; transform_styles_last_edited=&#8221;on|phone&#8221; z_index=&#8221;1&#8243; text_orientation=&#8221;center&#8221; width=&#8221;20%&#8221; width_tablet=&#8221;15%&#8221; width_phone=&#8221;25%&#8221; width_last_edited=&#8221;on|desktop&#8221; module_alignment=&#8221;center&#8221; custom_padding=&#8221;28px||28px||true|false&#8221; custom_padding_tablet=&#8221;40px||40px||true|false&#8221; custom_padding_phone=&#8221;&#8221; custom_padding_last_edited=&#8221;on|phone&#8221; transform_styles_tablet=&#8221;&#8221; transform_styles_phone=&#8221;&#8221; border_radii=&#8221;on|50px|50px|50px|50px&#8221; box_shadow_style=&#8221;preset1&#8243; global_colors_info=&#8221;{}&#8221;]3de<br \/>\n[\/et_pb_text][et_pb_image src=&#8221;https:\/\/levaldelaisne.be\/nl\/wp-content\/uploads\/sites\/2\/2019\/12\/fietstocht-ardenne-en-wallonie.jpg&#8221; alt=&#8221;Fietstocht Ardennen en Walloni\u00eb&#8221; show_in_lightbox=&#8221;on&#8221; _builder_version=&#8221;4.16&#8243; box_shadow_style=&#8221;preset1&#8243; global_colors_info=&#8221;{}&#8221;][\/et_pb_image][\/et_pb_column][\/et_pb_row][et_pb_row column_structure=&#8221;1_2,1_2&#8243; _builder_version=&#8221;4.16&#8243; global_colors_info=&#8221;{}&#8221;][et_pb_column type=&#8221;1_2&#8243; _builder_version=&#8221;4.16&#8243; global_colors_info=&#8221;{}&#8221;][et_pb_text _builder_version=&#8221;4.16&#8243; text_font=&#8221;PT Serif|700|on||||||&#8221; text_text_color=&#8221;#ffffff&#8221; text_font_size=&#8221;34px&#8221; background_color=&#8221;#ffc600&#8243; transform_scale_tablet=&#8221;&#8221; transform_scale_phone=&#8221;&#8221; transform_scale_last_edited=&#8221;on|desktop&#8221; transform_translate=&#8221;-184px|60px&#8221; transform_translate_tablet=&#8221;0px|74px&#8221; transform_translate_phone=&#8221;0px|76px&#8221; transform_translate_last_edited=&#8221;on|phone&#8221; transform_translate_linked=&#8221;off&#8221; transform_rotate_tablet=&#8221;&#8221; transform_rotate_phone=&#8221;&#8221; transform_rotate_last_edited=&#8221;on|phone&#8221; transform_skew_tablet=&#8221;&#8221; transform_skew_phone=&#8221;&#8221; transform_skew_last_edited=&#8221;on|phone&#8221; transform_origin_tablet=&#8221;&#8221; transform_origin_phone=&#8221;&#8221; transform_origin_last_edited=&#8221;on|phone&#8221; transform_styles_last_edited=&#8221;on|phone&#8221; z_index=&#8221;1&#8243; text_orientation=&#8221;center&#8221; width=&#8221;20%&#8221; width_tablet=&#8221;15%&#8221; width_phone=&#8221;25%&#8221; width_last_edited=&#8221;on|desktop&#8221; module_alignment=&#8221;center&#8221; custom_padding=&#8221;28px||28px||true|false&#8221; custom_padding_tablet=&#8221;40px||40px||true|false&#8221; custom_padding_phone=&#8221;&#8221; custom_padding_last_edited=&#8221;on|phone&#8221; transform_styles_tablet=&#8221;&#8221; transform_styles_phone=&#8221;&#8221; border_radii=&#8221;on|50px|50px|50px|50px&#8221; box_shadow_style=&#8221;preset1&#8243; global_colors_info=&#8221;{}&#8221;]4de<br \/>\n[\/et_pb_text][et_pb_image src=&#8221;https:\/\/levaldelaisne.be\/nl\/wp-content\/uploads\/sites\/2\/2019\/12\/kunst-en-natuur-in-de-ardennen.jpg&#8221; alt=&#8221;Kunst en natuur in de Ardennen&#8221; show_in_lightbox=&#8221;on&#8221; _builder_version=&#8221;4.16&#8243; box_shadow_style=&#8221;preset1&#8243; global_colors_info=&#8221;{}&#8221;][\/et_pb_image][\/et_pb_column][et_pb_column type=&#8221;1_2&#8243; _builder_version=&#8221;4.16&#8243; global_colors_info=&#8221;{}&#8221;][et_pb_text _builder_version=&#8221;4.16&#8243; text_font=&#8221;PT Serif|700|on||||||&#8221; text_text_color=&#8221;#ffffff&#8221; text_font_size=&#8221;34px&#8221; background_color=&#8221;#ffc600&#8243; transform_scale_tablet=&#8221;&#8221; transform_scale_phone=&#8221;&#8221; transform_scale_last_edited=&#8221;on|desktop&#8221; transform_translate=&#8221;-184px|60px&#8221; transform_translate_tablet=&#8221;0px|74px&#8221; transform_translate_phone=&#8221;0px|76px&#8221; transform_translate_last_edited=&#8221;on|phone&#8221; transform_translate_linked=&#8221;off&#8221; transform_rotate_tablet=&#8221;&#8221; transform_rotate_phone=&#8221;&#8221; transform_rotate_last_edited=&#8221;on|phone&#8221; transform_skew_tablet=&#8221;&#8221; transform_skew_phone=&#8221;&#8221; transform_skew_last_edited=&#8221;on|phone&#8221; transform_origin_tablet=&#8221;&#8221; transform_origin_phone=&#8221;&#8221; transform_origin_last_edited=&#8221;on|phone&#8221; transform_styles_last_edited=&#8221;on|phone&#8221; z_index=&#8221;1&#8243; text_orientation=&#8221;center&#8221; width=&#8221;20%&#8221; width_tablet=&#8221;15%&#8221; width_phone=&#8221;25%&#8221; width_last_edited=&#8221;on|desktop&#8221; module_alignment=&#8221;center&#8221; custom_padding=&#8221;28px||28px||true|false&#8221; custom_padding_tablet=&#8221;40px||40px||true|false&#8221; custom_padding_phone=&#8221;&#8221; custom_padding_last_edited=&#8221;on|phone&#8221; transform_styles_tablet=&#8221;&#8221; transform_styles_phone=&#8221;&#8221; border_radii=&#8221;on|50px|50px|50px|50px&#8221; box_shadow_style=&#8221;preset1&#8243; global_colors_info=&#8221;{}&#8221;]5de<br \/>\n[\/et_pb_text][et_pb_image src=&#8221;https:\/\/levaldelaisne.be\/nl\/wp-content\/uploads\/sites\/2\/2019\/12\/toeristische-tram-in-de-ardennen.jpg&#8221; alt=&#8221;Toeristische tram in de Ardennen&#8221; show_in_lightbox=&#8221;on&#8221; _builder_version=&#8221;4.16&#8243; box_shadow_style=&#8221;preset1&#8243; global_colors_info=&#8221;{}&#8221;][\/et_pb_image][\/et_pb_column][\/et_pb_row][et_pb_row _builder_version=&#8221;4.16&#8243; global_colors_info=&#8221;{}&#8221;][et_pb_column type=&#8221;4_4&#8243; _builder_version=&#8221;4.16&#8243; global_colors_info=&#8221;{}&#8221;][et_pb_text _builder_version=&#8221;4.16&#8243; header_2_text_align=&#8221;center&#8221; text_orientation=&#8221;center&#8221; global_colors_info=&#8221;{}&#8221;]<\/p>\n<h2>Alle andere foto&#8217;s<\/h2>\n<p>[\/et_pb_text][\/et_pb_column][\/et_pb_row][et_pb_row _builder_version=&#8221;4.16&#8243; global_colors_info=&#8221;{}&#8221;][et_pb_column type=&#8221;4_4&#8243; _builder_version=&#8221;4.16&#8243; global_colors_info=&#8221;{}&#8221;][et_pb_gallery gallery_ids=&#8221;7414,7415,7416,7417,7418,7419,7420,7421,7422,7423,7424,7425,7426,7427,7428,7429,7430,7431,7432,7433,7434,7435,7436,7437,7438,7439,7440,7441,7442,7443,7444,7445,7446,7447,7448,7413,7412,7411,7410,7409&#8243; gallery_orderby=&#8221;rand&#8221; posts_number=&#8221;12&#8243; show_title_and_caption=&#8221;off&#8221; _builder_version=&#8221;4.16&#8243; global_colors_info=&#8221;{}&#8221;][\/et_pb_gallery][\/et_pb_column][\/et_pb_row][\/et_pb_section][et_pb_section fb_built=&#8221;1&#8243; custom_padding_last_edited=&#8221;off|phone&#8221; module_class=&#8221;.bordershadow&#8221; _builder_version=&#8221;4.16&#8243; background_color=&#8221;rgba(255,255,255,0)&#8221; custom_padding=&#8221;0px|||&#8221; global_colors_info=&#8221;{}&#8221;][et_pb_row padding_mobile=&#8221;on&#8221; column_padding_mobile=&#8221;on&#8221; custom_padding_last_edited=&#8221;on|phone&#8221; module_class=&#8221;bordershadow&#8221; _builder_version=&#8221;4.16&#8243; background_color=&#8221;#ffffff&#8221; background_size=&#8221;initial&#8221; background_position=&#8221;top_left&#8221; background_repeat=&#8221;repeat&#8221; custom_padding=&#8221;5%|5%|5%|5%&#8221; custom_padding_tablet=&#8221;&#8221; custom_padding_phone=&#8221;&#8221; make_fullwidth=&#8221;off&#8221; use_custom_width=&#8221;off&#8221; width_unit=&#8221;on&#8221; global_colors_info=&#8221;{}&#8221;][et_pb_column type=&#8221;4_4&#8243; _builder_version=&#8221;4.16&#8243; custom_padding=&#8221;|||&#8221; global_colors_info=&#8221;{}&#8221; custom_padding__hover=&#8221;|||&#8221;][et_pb_text _builder_version=&#8221;4.16&#8243; background_size=&#8221;initial&#8221; background_position=&#8221;top_left&#8221; background_repeat=&#8221;repeat&#8221; text_orientation=&#8221;center&#8221; module_alignment=&#8221;center&#8221; use_border_color=&#8221;off&#8221; global_colors_info=&#8221;{}&#8221;]Andere artikels<br \/>\n[\/et_pb_text][et_pb_post_nav in_same_term=&#8221;on&#8221; _builder_version=&#8221;4.16&#8243; title_font_size=&#8221;20px&#8221; use_border_color=&#8221;off&#8221; border_color=&#8221;#ffffff&#8221; border_style=&#8221;solid&#8221; hide_prev=&#8221;off&#8221; hide_next=&#8221;off&#8221; global_colors_info=&#8221;{}&#8221;][\/et_pb_post_nav][\/et_pb_column][\/et_pb_row][\/et_pb_section]<\/p>\n","protected":false},"excerpt":{"rendered":"<p>Ziehier de resultaten van de fotowedstrijd van de camping. Wat dit jaar buitengewoon was, is dat bijna alle ingestuurde foto&#8217;s binnen het thema 2020 gekozen door le commisariat g\u00e9n\u00e9ral au tourisme (CGT) en Walloni\u00eb Belgi\u00eb toerisme lagen nl Wallonni\u00eb natuur. De meeste van jullie foto&#8217;s zetten \u00e9\u00e9n van de belangrijkste troeven van onze camping in [&hellip;]<\/p>\n","protected":false},"author":1,"featured_media":7451,"comment_status":"closed","ping_status":"open","sticky":false,"template":"","format":"standard","meta":{"_et_pb_use_builder":"on","_et_pb_old_content":"","_et_gb_content_width":"","footnotes":""},"categories":[64],"tags":[],"class_list":["post-7402","post","type-post","status-publish","format-standard","has-post-thumbnail","hentry","category-wedstrijden"],"yoast_head":"<!-- This site is optimized with the Yoast SEO plugin v27.4 - https:\/\/yoast.com\/product\/yoast-seo-wordpress\/ -->\n<title>Jullie mooiste foto&#039;s van de natuur in de Ardennen - Domaine Le Val de l&#039;Aisne camping Ardennen<\/title>\n<meta name=\"robots\" content=\"index, follow, max-snippet:-1, max-image-preview:large, max-video-preview:-1\" \/>\n<link rel=\"canonical\" href=\"https:\/\/levaldelaisne.be\/nl\/jullie-mooiste-fotos-natuur-ardennen\/\" \/>\n<meta property=\"og:locale\" content=\"nl_BE\" \/>\n<meta property=\"og:type\" content=\"article\" \/>\n<meta property=\"og:title\" content=\"Jullie mooiste foto&#039;s van de natuur in de Ardennen - Domaine Le Val de l&#039;Aisne camping Ardennen\" \/>\n<meta property=\"og:description\" content=\"Ziehier de resultaten van de fotowedstrijd van de camping. Wat dit jaar buitengewoon was, is dat bijna alle ingestuurde foto&#039;s binnen het thema 2020 gekozen door le commisariat g\u00e9n\u00e9ral au tourisme (CGT) en Walloni\u00eb Belgi\u00eb toerisme lagen nl Wallonni\u00eb natuur. De meeste van jullie foto&#039;s zetten \u00e9\u00e9n van de belangrijkste troeven van onze camping in [&hellip;]\" \/>\n<meta property=\"og:url\" content=\"https:\/\/levaldelaisne.be\/nl\/jullie-mooiste-fotos-natuur-ardennen\/\" \/>\n<meta property=\"og:site_name\" content=\"Domaine Le Val de l&#039;Aisne camping Ardennen\" \/>\n<meta property=\"article:publisher\" content=\"https:\/\/www.facebook.com\/campinglevaldelaisne\/\" \/>\n<meta property=\"article:published_time\" content=\"2019-12-03T15:15:49+00:00\" \/>\n<meta property=\"article:modified_time\" content=\"2024-01-10T09:35:16+00:00\" \/>\n<meta property=\"og:image\" content=\"https:\/\/levaldelaisne.be\/nl\/wp-content\/uploads\/sites\/2\/2019\/12\/wallonie-natuur-2020.jpg\" \/>\n\t<meta property=\"og:image:width\" content=\"1080\" \/>\n\t<meta property=\"og:image:height\" content=\"717\" \/>\n\t<meta property=\"og:image:type\" content=\"image\/jpeg\" \/>\n<meta name=\"author\" content=\"Greg\" \/>\n<meta name=\"twitter:card\" content=\"summary_large_image\" \/>\n<meta name=\"twitter:label1\" content=\"Geschreven door\" \/>\n\t<meta name=\"twitter:data1\" content=\"Greg\" \/>\n\t<meta name=\"twitter:label2\" content=\"Geschatte leestijd\" \/>\n\t<meta name=\"twitter:data2\" content=\"10 minuten\" \/>\n<script type=\"application\/ld+json\" class=\"yoast-schema-graph\">{\"@context\":\"https:\\\/\\\/schema.org\",\"@graph\":[{\"@type\":\"Article\",\"@id\":\"https:\\\/\\\/levaldelaisne.be\\\/nl\\\/jullie-mooiste-fotos-natuur-ardennen\\\/#article\",\"isPartOf\":{\"@id\":\"https:\\\/\\\/levaldelaisne.be\\\/nl\\\/jullie-mooiste-fotos-natuur-ardennen\\\/\"},\"author\":{\"name\":\"Greg\",\"@id\":\"https:\\\/\\\/levaldelaisne.be\\\/nl\\\/#\\\/schema\\\/person\\\/cdbdb3065ab857744a3477563a45657f\"},\"headline\":\"Jullie mooiste foto&#8217;s van de natuur in de Ardennen\",\"datePublished\":\"2019-12-03T15:15:49+00:00\",\"dateModified\":\"2024-01-10T09:35:16+00:00\",\"mainEntityOfPage\":{\"@id\":\"https:\\\/\\\/levaldelaisne.be\\\/nl\\\/jullie-mooiste-fotos-natuur-ardennen\\\/\"},\"wordCount\":1862,\"publisher\":{\"@id\":\"https:\\\/\\\/levaldelaisne.be\\\/nl\\\/#organization\"},\"image\":{\"@id\":\"https:\\\/\\\/levaldelaisne.be\\\/nl\\\/jullie-mooiste-fotos-natuur-ardennen\\\/#primaryimage\"},\"thumbnailUrl\":\"https:\\\/\\\/levaldelaisne.be\\\/nl\\\/wp-content\\\/uploads\\\/sites\\\/2\\\/2019\\\/12\\\/wallonie-natuur-2020.jpg\",\"articleSection\":[\"Wedstrijden\"],\"inLanguage\":\"nl-BE\"},{\"@type\":\"WebPage\",\"@id\":\"https:\\\/\\\/levaldelaisne.be\\\/nl\\\/jullie-mooiste-fotos-natuur-ardennen\\\/\",\"url\":\"https:\\\/\\\/levaldelaisne.be\\\/nl\\\/jullie-mooiste-fotos-natuur-ardennen\\\/\",\"name\":\"Jullie mooiste foto's van de natuur in de Ardennen - Domaine Le Val de l&#039;Aisne camping Ardennen\",\"isPartOf\":{\"@id\":\"https:\\\/\\\/levaldelaisne.be\\\/nl\\\/#website\"},\"primaryImageOfPage\":{\"@id\":\"https:\\\/\\\/levaldelaisne.be\\\/nl\\\/jullie-mooiste-fotos-natuur-ardennen\\\/#primaryimage\"},\"image\":{\"@id\":\"https:\\\/\\\/levaldelaisne.be\\\/nl\\\/jullie-mooiste-fotos-natuur-ardennen\\\/#primaryimage\"},\"thumbnailUrl\":\"https:\\\/\\\/levaldelaisne.be\\\/nl\\\/wp-content\\\/uploads\\\/sites\\\/2\\\/2019\\\/12\\\/wallonie-natuur-2020.jpg\",\"datePublished\":\"2019-12-03T15:15:49+00:00\",\"dateModified\":\"2024-01-10T09:35:16+00:00\",\"breadcrumb\":{\"@id\":\"https:\\\/\\\/levaldelaisne.be\\\/nl\\\/jullie-mooiste-fotos-natuur-ardennen\\\/#breadcrumb\"},\"inLanguage\":\"nl-BE\",\"potentialAction\":[{\"@type\":\"ReadAction\",\"target\":[\"https:\\\/\\\/levaldelaisne.be\\\/nl\\\/jullie-mooiste-fotos-natuur-ardennen\\\/\"]}]},{\"@type\":\"ImageObject\",\"inLanguage\":\"nl-BE\",\"@id\":\"https:\\\/\\\/levaldelaisne.be\\\/nl\\\/jullie-mooiste-fotos-natuur-ardennen\\\/#primaryimage\",\"url\":\"https:\\\/\\\/levaldelaisne.be\\\/nl\\\/wp-content\\\/uploads\\\/sites\\\/2\\\/2019\\\/12\\\/wallonie-natuur-2020.jpg\",\"contentUrl\":\"https:\\\/\\\/levaldelaisne.be\\\/nl\\\/wp-content\\\/uploads\\\/sites\\\/2\\\/2019\\\/12\\\/wallonie-natuur-2020.jpg\",\"width\":1080,\"height\":717,\"caption\":\"Walloni\u00eb natuur 2020\"},{\"@type\":\"BreadcrumbList\",\"@id\":\"https:\\\/\\\/levaldelaisne.be\\\/nl\\\/jullie-mooiste-fotos-natuur-ardennen\\\/#breadcrumb\",\"itemListElement\":[{\"@type\":\"ListItem\",\"position\":1,\"name\":\"Home\",\"item\":\"https:\\\/\\\/levaldelaisne.be\\\/nl\\\/\"},{\"@type\":\"ListItem\",\"position\":2,\"name\":\"Jullie mooiste foto&rsquo;s van de natuur in de Ardennen\"}]},{\"@type\":\"WebSite\",\"@id\":\"https:\\\/\\\/levaldelaisne.be\\\/nl\\\/#website\",\"url\":\"https:\\\/\\\/levaldelaisne.be\\\/nl\\\/\",\"name\":\"Domaine Le Val de l&#039;Aisne camping Ardennen\",\"description\":\"Fijne vakantie in de Ardennen !\",\"publisher\":{\"@id\":\"https:\\\/\\\/levaldelaisne.be\\\/nl\\\/#organization\"},\"potentialAction\":[{\"@type\":\"SearchAction\",\"target\":{\"@type\":\"EntryPoint\",\"urlTemplate\":\"https:\\\/\\\/levaldelaisne.be\\\/nl\\\/?s={search_term_string}\"},\"query-input\":{\"@type\":\"PropertyValueSpecification\",\"valueRequired\":true,\"valueName\":\"search_term_string\"}}],\"inLanguage\":\"nl-BE\"},{\"@type\":\"Organization\",\"@id\":\"https:\\\/\\\/levaldelaisne.be\\\/nl\\\/#organization\",\"name\":\"Domaine Le Val de l'Aisne\",\"url\":\"https:\\\/\\\/levaldelaisne.be\\\/nl\\\/\",\"logo\":{\"@type\":\"ImageObject\",\"inLanguage\":\"nl-BE\",\"@id\":\"https:\\\/\\\/levaldelaisne.be\\\/nl\\\/#\\\/schema\\\/logo\\\/image\\\/\",\"url\":\"https:\\\/\\\/levaldelaisne.be\\\/nl\\\/wp-content\\\/uploads\\\/sites\\\/2\\\/2022\\\/09\\\/le-val-de-laisne-camping-glamping-ardennen.jpg\",\"contentUrl\":\"https:\\\/\\\/levaldelaisne.be\\\/nl\\\/wp-content\\\/uploads\\\/sites\\\/2\\\/2022\\\/09\\\/le-val-de-laisne-camping-glamping-ardennen.jpg\",\"width\":1920,\"height\":1080,\"caption\":\"Domaine Le Val de l'Aisne\"},\"image\":{\"@id\":\"https:\\\/\\\/levaldelaisne.be\\\/nl\\\/#\\\/schema\\\/logo\\\/image\\\/\"},\"sameAs\":[\"https:\\\/\\\/www.facebook.com\\\/campinglevaldelaisne\\\/\",\"https:\\\/\\\/www.instagram.com\\\/campinglevaldelaisne\\\/\",\"https:\\\/\\\/www.youtube.com\\\/channel\\\/UCbLlKAhNd6k1OdVG-7ItNVQ\"]},{\"@type\":\"Person\",\"@id\":\"https:\\\/\\\/levaldelaisne.be\\\/nl\\\/#\\\/schema\\\/person\\\/cdbdb3065ab857744a3477563a45657f\",\"name\":\"Greg\",\"image\":{\"@type\":\"ImageObject\",\"inLanguage\":\"nl-BE\",\"@id\":\"https:\\\/\\\/secure.gravatar.com\\\/avatar\\\/420949ba125016bc40367c2b408e8929ed922caed95852590c81e2ef1ac4c53c?s=96&d=mm&r=g\",\"url\":\"https:\\\/\\\/secure.gravatar.com\\\/avatar\\\/420949ba125016bc40367c2b408e8929ed922caed95852590c81e2ef1ac4c53c?s=96&d=mm&r=g\",\"contentUrl\":\"https:\\\/\\\/secure.gravatar.com\\\/avatar\\\/420949ba125016bc40367c2b408e8929ed922caed95852590c81e2ef1ac4c53c?s=96&d=mm&r=g\",\"caption\":\"Greg\"}}]}<\/script>\n<!-- \/ Yoast SEO plugin. -->","yoast_head_json":{"title":"Jullie mooiste foto's van de natuur in de Ardennen - Domaine Le Val de l&#039;Aisne camping Ardennen","robots":{"index":"index","follow":"follow","max-snippet":"max-snippet:-1","max-image-preview":"max-image-preview:large","max-video-preview":"max-video-preview:-1"},"canonical":"https:\/\/levaldelaisne.be\/nl\/jullie-mooiste-fotos-natuur-ardennen\/","og_locale":"nl_BE","og_type":"article","og_title":"Jullie mooiste foto's van de natuur in de Ardennen - Domaine Le Val de l&#039;Aisne camping Ardennen","og_description":"Ziehier de resultaten van de fotowedstrijd van de camping. Wat dit jaar buitengewoon was, is dat bijna alle ingestuurde foto's binnen het thema 2020 gekozen door le commisariat g\u00e9n\u00e9ral au tourisme (CGT) en Walloni\u00eb Belgi\u00eb toerisme lagen nl Wallonni\u00eb natuur. De meeste van jullie foto's zetten \u00e9\u00e9n van de belangrijkste troeven van onze camping in [&hellip;]","og_url":"https:\/\/levaldelaisne.be\/nl\/jullie-mooiste-fotos-natuur-ardennen\/","og_site_name":"Domaine Le Val de l&#039;Aisne camping Ardennen","article_publisher":"https:\/\/www.facebook.com\/campinglevaldelaisne\/","article_published_time":"2019-12-03T15:15:49+00:00","article_modified_time":"2024-01-10T09:35:16+00:00","og_image":[{"width":1080,"height":717,"url":"https:\/\/levaldelaisne.be\/nl\/wp-content\/uploads\/sites\/2\/2019\/12\/wallonie-natuur-2020.jpg","type":"image\/jpeg"}],"author":"Greg","twitter_card":"summary_large_image","twitter_misc":{"Geschreven door":"Greg","Geschatte leestijd":"10 minuten"},"schema":{"@context":"https:\/\/schema.org","@graph":[{"@type":"Article","@id":"https:\/\/levaldelaisne.be\/nl\/jullie-mooiste-fotos-natuur-ardennen\/#article","isPartOf":{"@id":"https:\/\/levaldelaisne.be\/nl\/jullie-mooiste-fotos-natuur-ardennen\/"},"author":{"name":"Greg","@id":"https:\/\/levaldelaisne.be\/nl\/#\/schema\/person\/cdbdb3065ab857744a3477563a45657f"},"headline":"Jullie mooiste foto&#8217;s van de natuur in de Ardennen","datePublished":"2019-12-03T15:15:49+00:00","dateModified":"2024-01-10T09:35:16+00:00","mainEntityOfPage":{"@id":"https:\/\/levaldelaisne.be\/nl\/jullie-mooiste-fotos-natuur-ardennen\/"},"wordCount":1862,"publisher":{"@id":"https:\/\/levaldelaisne.be\/nl\/#organization"},"image":{"@id":"https:\/\/levaldelaisne.be\/nl\/jullie-mooiste-fotos-natuur-ardennen\/#primaryimage"},"thumbnailUrl":"https:\/\/levaldelaisne.be\/nl\/wp-content\/uploads\/sites\/2\/2019\/12\/wallonie-natuur-2020.jpg","articleSection":["Wedstrijden"],"inLanguage":"nl-BE"},{"@type":"WebPage","@id":"https:\/\/levaldelaisne.be\/nl\/jullie-mooiste-fotos-natuur-ardennen\/","url":"https:\/\/levaldelaisne.be\/nl\/jullie-mooiste-fotos-natuur-ardennen\/","name":"Jullie mooiste foto's van de natuur in de Ardennen - Domaine Le Val de l&#039;Aisne camping Ardennen","isPartOf":{"@id":"https:\/\/levaldelaisne.be\/nl\/#website"},"primaryImageOfPage":{"@id":"https:\/\/levaldelaisne.be\/nl\/jullie-mooiste-fotos-natuur-ardennen\/#primaryimage"},"image":{"@id":"https:\/\/levaldelaisne.be\/nl\/jullie-mooiste-fotos-natuur-ardennen\/#primaryimage"},"thumbnailUrl":"https:\/\/levaldelaisne.be\/nl\/wp-content\/uploads\/sites\/2\/2019\/12\/wallonie-natuur-2020.jpg","datePublished":"2019-12-03T15:15:49+00:00","dateModified":"2024-01-10T09:35:16+00:00","breadcrumb":{"@id":"https:\/\/levaldelaisne.be\/nl\/jullie-mooiste-fotos-natuur-ardennen\/#breadcrumb"},"inLanguage":"nl-BE","potentialAction":[{"@type":"ReadAction","target":["https:\/\/levaldelaisne.be\/nl\/jullie-mooiste-fotos-natuur-ardennen\/"]}]},{"@type":"ImageObject","inLanguage":"nl-BE","@id":"https:\/\/levaldelaisne.be\/nl\/jullie-mooiste-fotos-natuur-ardennen\/#primaryimage","url":"https:\/\/levaldelaisne.be\/nl\/wp-content\/uploads\/sites\/2\/2019\/12\/wallonie-natuur-2020.jpg","contentUrl":"https:\/\/levaldelaisne.be\/nl\/wp-content\/uploads\/sites\/2\/2019\/12\/wallonie-natuur-2020.jpg","width":1080,"height":717,"caption":"Walloni\u00eb natuur 2020"},{"@type":"BreadcrumbList","@id":"https:\/\/levaldelaisne.be\/nl\/jullie-mooiste-fotos-natuur-ardennen\/#breadcrumb","itemListElement":[{"@type":"ListItem","position":1,"name":"Home","item":"https:\/\/levaldelaisne.be\/nl\/"},{"@type":"ListItem","position":2,"name":"Jullie mooiste foto&rsquo;s van de natuur in de Ardennen"}]},{"@type":"WebSite","@id":"https:\/\/levaldelaisne.be\/nl\/#website","url":"https:\/\/levaldelaisne.be\/nl\/","name":"Domaine Le Val de l&#039;Aisne camping Ardennen","description":"Fijne vakantie in de Ardennen !","publisher":{"@id":"https:\/\/levaldelaisne.be\/nl\/#organization"},"potentialAction":[{"@type":"SearchAction","target":{"@type":"EntryPoint","urlTemplate":"https:\/\/levaldelaisne.be\/nl\/?s={search_term_string}"},"query-input":{"@type":"PropertyValueSpecification","valueRequired":true,"valueName":"search_term_string"}}],"inLanguage":"nl-BE"},{"@type":"Organization","@id":"https:\/\/levaldelaisne.be\/nl\/#organization","name":"Domaine Le Val de l'Aisne","url":"https:\/\/levaldelaisne.be\/nl\/","logo":{"@type":"ImageObject","inLanguage":"nl-BE","@id":"https:\/\/levaldelaisne.be\/nl\/#\/schema\/logo\/image\/","url":"https:\/\/levaldelaisne.be\/nl\/wp-content\/uploads\/sites\/2\/2022\/09\/le-val-de-laisne-camping-glamping-ardennen.jpg","contentUrl":"https:\/\/levaldelaisne.be\/nl\/wp-content\/uploads\/sites\/2\/2022\/09\/le-val-de-laisne-camping-glamping-ardennen.jpg","width":1920,"height":1080,"caption":"Domaine Le Val de l'Aisne"},"image":{"@id":"https:\/\/levaldelaisne.be\/nl\/#\/schema\/logo\/image\/"},"sameAs":["https:\/\/www.facebook.com\/campinglevaldelaisne\/","https:\/\/www.instagram.com\/campinglevaldelaisne\/","https:\/\/www.youtube.com\/channel\/UCbLlKAhNd6k1OdVG-7ItNVQ"]},{"@type":"Person","@id":"https:\/\/levaldelaisne.be\/nl\/#\/schema\/person\/cdbdb3065ab857744a3477563a45657f","name":"Greg","image":{"@type":"ImageObject","inLanguage":"nl-BE","@id":"https:\/\/secure.gravatar.com\/avatar\/420949ba125016bc40367c2b408e8929ed922caed95852590c81e2ef1ac4c53c?s=96&d=mm&r=g","url":"https:\/\/secure.gravatar.com\/avatar\/420949ba125016bc40367c2b408e8929ed922caed95852590c81e2ef1ac4c53c?s=96&d=mm&r=g","contentUrl":"https:\/\/secure.gravatar.com\/avatar\/420949ba125016bc40367c2b408e8929ed922caed95852590c81e2ef1ac4c53c?s=96&d=mm&r=g","caption":"Greg"}}]}},"_links":{"self":[{"href":"https:\/\/levaldelaisne.be\/nl\/wp-json\/wp\/v2\/posts\/7402","targetHints":{"allow":["GET"]}}],"collection":[{"href":"https:\/\/levaldelaisne.be\/nl\/wp-json\/wp\/v2\/posts"}],"about":[{"href":"https:\/\/levaldelaisne.be\/nl\/wp-json\/wp\/v2\/types\/post"}],"author":[{"embeddable":true,"href":"https:\/\/levaldelaisne.be\/nl\/wp-json\/wp\/v2\/users\/1"}],"replies":[{"embeddable":true,"href":"https:\/\/levaldelaisne.be\/nl\/wp-json\/wp\/v2\/comments?post=7402"}],"version-history":[{"count":8,"href":"https:\/\/levaldelaisne.be\/nl\/wp-json\/wp\/v2\/posts\/7402\/revisions"}],"predecessor-version":[{"id":27720,"href":"https:\/\/levaldelaisne.be\/nl\/wp-json\/wp\/v2\/posts\/7402\/revisions\/27720"}],"wp:featuredmedia":[{"embeddable":true,"href":"https:\/\/levaldelaisne.be\/nl\/wp-json\/wp\/v2\/media\/7451"}],"wp:attachment":[{"href":"https:\/\/levaldelaisne.be\/nl\/wp-json\/wp\/v2\/media?parent=7402"}],"wp:term":[{"taxonomy":"category","embeddable":true,"href":"https:\/\/levaldelaisne.be\/nl\/wp-json\/wp\/v2\/categories?post=7402"},{"taxonomy":"post_tag","embeddable":true,"href":"https:\/\/levaldelaisne.be\/nl\/wp-json\/wp\/v2\/tags?post=7402"}],"curies":[{"name":"wp","href":"https:\/\/api.w.org\/{rel}","templated":true}]}}